{"id":236,"date":"2023-04-17T08:49:13","date_gmt":"2023-04-17T11:49:13","guid":{"rendered":"https:\/\/www.amovicvv.com\/?p=236"},"modified":"2023-04-17T08:49:13","modified_gmt":"2023-04-17T11:49:13","slug":"selecao-de-coronel-vivida-de-bolao-de-casais-e-campea-do-estado-do-parana","status":"publish","type":"post","link":"https:\/\/www.amovicvv.com\/index.php\/2023\/04\/17\/selecao-de-coronel-vivida-de-bolao-de-casais-e-campea-do-estado-do-parana\/","title":{"rendered":"Sele\u00e7\u00e3o de Coronel Vivida de Bol\u00e3o de casais \u00e9 campe\u00e3 do Estado\u00a0do\u00a0Paran\u00e1."},"content":{"rendered":"\n<p>No final desta tarde em Curitiba, no Clube Morgenau, numa acirrada disputa com outras duas sele\u00e7\u00f5es no final de\u00a0Coronel\u00a0Vivida.<\/p>\n\n\n\n<p>Parab\u00e9ns aos atletas Vividenses<\/p>\n\n\n\n<p><\/p>\n\n\n\n<figure class=\"wp-block-gallery has-nested-images columns-default is-cropped wp-block-gallery-1 is-layout-flex wp-block-gallery-is-layout-flex\">\n<figure class=\"wp-block-image size-large\"><img loading=\"lazy\" decoding=\"async\" width=\"1024\" height=\"696\" data-id=\"239\" src=\"https:\/\/www.amovicvv.com\/wp-content\/uploads\/2023\/04\/Imagem-do-WhatsApp-de-2023-04-16-as-17.46.50-1024x696.jpg\" alt=\"\" class=\"wp-image-239\" srcset=\"https:\/\/www.amovicvv.com\/wp-content\/uploads\/2023\/04\/Imagem-do-WhatsApp-de-2023-04-16-as-17.46.50-1024x696.jpg 1024w, https:\/\/www.amovicvv.com\/wp-content\/uploads\/2023\/04\/Imagem-do-WhatsApp-de-2023-04-16-as-17.46.50-300x204.jpg 300w, https:\/\/www.amovicvv.com\/wp-content\/uploads\/2023\/04\/Imagem-do-WhatsApp-de-2023-04-16-as-17.46.50-768x522.jpg 768w, https:\/\/www.amovicvv.com\/wp-content\/uploads\/2023\/04\/Imagem-do-WhatsApp-de-2023-04-16-as-17.46.50-1536x1044.jpg 1536w, https:\/\/www.amovicvv.com\/wp-content\/uploads\/2023\/04\/Imagem-do-WhatsApp-de-2023-04-16-as-17.46.50-305x207.jpg 305w, https:\/\/www.amovicvv.com\/wp-content\/uploads\/2023\/04\/Imagem-do-WhatsApp-de-2023-04-16-as-17.46.50.jpg 1600w\" sizes=\"auto, (max-width: 1024px) 100vw, 1024px\" \/><\/figure>\n\n\n\n<figure class=\"wp-block-image size-large\"><img loading=\"lazy\" decoding=\"async\" width=\"1024\" height=\"549\" data-id=\"238\" src=\"https:\/\/www.amovicvv.com\/wp-content\/uploads\/2023\/04\/2-1024x549.jpg\" alt=\"\" class=\"wp-image-238\" srcset=\"https:\/\/www.amovicvv.com\/wp-content\/uploads\/2023\/04\/2-1024x549.jpg 1024w, https:\/\/www.amovicvv.com\/wp-content\/uploads\/2023\/04\/2-300x161.jpg 300w, https:\/\/www.amovicvv.com\/wp-content\/uploads\/2023\/04\/2-768x412.jpg 768w, https:\/\/www.amovicvv.com\/wp-content\/uploads\/2023\/04\/2-1536x824.jpg 1536w, https:\/\/www.amovicvv.com\/wp-content\/uploads\/2023\/04\/2.jpg 1600w\" sizes=\"auto, (max-width: 1024px) 100vw, 1024px\" \/><\/figure>\n\n\n\n<figure class=\"wp-block-image size-large\"><img loading=\"lazy\" decoding=\"async\" width=\"1024\" height=\"449\" data-id=\"237\" src=\"https:\/\/www.amovicvv.com\/wp-content\/uploads\/2023\/04\/3-1024x449.jpg\" alt=\"\" class=\"wp-image-237\" srcset=\"https:\/\/www.amovicvv.com\/wp-content\/uploads\/2023\/04\/3-1024x449.jpg 1024w, https:\/\/www.amovicvv.com\/wp-content\/uploads\/2023\/04\/3-300x132.jpg 300w, https:\/\/www.amovicvv.com\/wp-content\/uploads\/2023\/04\/3-768x337.jpg 768w, https:\/\/www.amovicvv.com\/wp-content\/uploads\/2023\/04\/3-1536x674.jpg 1536w, https:\/\/www.amovicvv.com\/wp-content\/uploads\/2023\/04\/3.jpg 1600w\" sizes=\"auto, (max-width: 1024px) 100vw, 1024px\" \/><\/figure>\n<\/figure>\n","protected":false},"excerpt":{"rendered":"<p>No final desta tarde em Curitiba, no Clube Morgenau, numa acirrada disputa com outras duas sele\u00e7\u00f5es no final de\u00a0Coronel\u00a0Vivida. Parab\u00e9ns aos atletas Vividenses<\/p>\n","protected":false},"author":1,"featured_media":239,"comment_status":"open","ping_status":"open","sticky":false,"template":"","format":"standard","meta":{"footnotes":""},"categories":[7,4],"tags":[],"class_list":["post-236","post","type-post","status-publish","format-standard","has-post-thumbnail","hentry","category-esportes","category-noticias"],"_links":{"self":[{"href":"https:\/\/www.amovicvv.com\/index.php\/wp-json\/wp\/v2\/posts\/236","targetHints":{"allow":["GET"]}}],"collection":[{"href":"https:\/\/www.amovicvv.com\/index.php\/wp-json\/wp\/v2\/posts"}],"about":[{"href":"https:\/\/www.amovicvv.com\/index.php\/wp-json\/wp\/v2\/types\/post"}],"author":[{"embeddable":true,"href":"https:\/\/www.amovicvv.com\/index.php\/wp-json\/wp\/v2\/users\/1"}],"replies":[{"embeddable":true,"href":"https:\/\/www.amovicvv.com\/index.php\/wp-json\/wp\/v2\/comments?post=236"}],"version-history":[{"count":1,"href":"https:\/\/www.amovicvv.com\/index.php\/wp-json\/wp\/v2\/posts\/236\/revisions"}],"predecessor-version":[{"id":240,"href":"https:\/\/www.amovicvv.com\/index.php\/wp-json\/wp\/v2\/posts\/236\/revisions\/240"}],"wp:featuredmedia":[{"embeddable":true,"href":"https:\/\/www.amovicvv.com\/index.php\/wp-json\/wp\/v2\/media\/239"}],"wp:attachment":[{"href":"https:\/\/www.amovicvv.com\/index.php\/wp-json\/wp\/v2\/media?parent=236"}],"wp:term":[{"taxonomy":"category","embeddable":true,"href":"https:\/\/www.amovicvv.com\/index.php\/wp-json\/wp\/v2\/categories?post=236"},{"taxonomy":"post_tag","embeddable":true,"href":"https:\/\/www.amovicvv.com\/index.php\/wp-json\/wp\/v2\/tags?post=236"}],"curies":[{"name":"wp","href":"https:\/\/api.w.org\/{rel}","templated":true}]}}