{"id":468,"date":"2025-10-22T18:36:48","date_gmt":"2025-10-22T21:36:48","guid":{"rendered":"https:\/\/www.amovicvv.com\/?p=468"},"modified":"2025-10-22T18:44:32","modified_gmt":"2025-10-22T21:44:32","slug":"assembleia-geral-extraordinaria","status":"publish","type":"post","link":"https:\/\/www.amovicvv.com\/index.php\/2025\/10\/22\/assembleia-geral-extraordinaria\/","title":{"rendered":"ASSEMBL\u00c9IA GERAL EXTRAORDIN\u00c1RIA"},"content":{"rendered":"\n<p>SEGUNDA ALTERA\u00c7\u00c3O DO ESTATUTO SOCIAL<\/p>\n\n\n\n<p>Amovi convoca todos os associados em dia com a Entidade para, no pr\u00f3ximo dia 08\/11\/202, comparecerem para analisar, debater e por fim aprovar o novo Estatuto Social, os termos do Edital de Convoca\u00e7\u00e3o devidamente publicado.<\/p>\n\n\n\n<p>As principais altera\u00e7\u00f5es dizem respeito \u00e0 forma de elei\u00e7\u00e3o dos Conselhos Deliberativo e Diretor, condi\u00e7\u00f5es de aceita\u00e7\u00e3o de novos s\u00f3cios, inclus\u00e3o dos objetivos da Entidade, e demais adapta\u00e7\u00f5es obrigat\u00f3rias \u00e0 legisla\u00e7\u00e3o vigente.<\/p>\n\n\n\n<p>SUGEST\u00d5ES PODER\u00c3O SER ENVIADAS PELO SITE <a href=\"http:\/\/www.amovicvv.com\">www.amovicvv.com<\/a> ou por e-mail: <a href=\"mailto:amovicvv@hotmail.com\">amovicvv@hotmail.com<\/a><\/p>\n\n\n\n<p>ASSOCIADO, COMPARE\u00c7A E PARTICIPE NO DIA 08\/11\/2025 NA SEDE DA AMOVI<\/p>\n\n\n\n<p><\/p>\n","protected":false},"excerpt":{"rendered":"<p>SEGUNDA ALTERA\u00c7\u00c3O DO ESTATUTO SOCIAL Amovi convoca todos os associados em dia com a Entidade para, no pr\u00f3ximo dia 08\/11\/202, comparecerem para analisar, debater e por fim aprovar o novo Estatuto Social, os termos do Edital de Convoca\u00e7\u00e3o devidamente publicado. As principais altera\u00e7\u00f5es dizem respeito \u00e0 forma de elei\u00e7\u00e3o dos Conselhos Deliberativo e Diretor, condi\u00e7\u00f5es [&hellip;]<\/p>\n","protected":false},"author":1,"featured_media":0,"comment_status":"open","ping_status":"open","sticky":false,"template":"","format":"standard","meta":{"footnotes":""},"categories":[1],"tags":[],"class_list":["post-468","post","type-post","status-publish","format-standard","hentry","category-sem-categoria"],"_links":{"self":[{"href":"https:\/\/www.amovicvv.com\/index.php\/wp-json\/wp\/v2\/posts\/468","targetHints":{"allow":["GET"]}}],"collection":[{"href":"https:\/\/www.amovicvv.com\/index.php\/wp-json\/wp\/v2\/posts"}],"about":[{"href":"https:\/\/www.amovicvv.com\/index.php\/wp-json\/wp\/v2\/types\/post"}],"author":[{"embeddable":true,"href":"https:\/\/www.amovicvv.com\/index.php\/wp-json\/wp\/v2\/users\/1"}],"replies":[{"embeddable":true,"href":"https:\/\/www.amovicvv.com\/index.php\/wp-json\/wp\/v2\/comments?post=468"}],"version-history":[{"count":1,"href":"https:\/\/www.amovicvv.com\/index.php\/wp-json\/wp\/v2\/posts\/468\/revisions"}],"predecessor-version":[{"id":469,"href":"https:\/\/www.amovicvv.com\/index.php\/wp-json\/wp\/v2\/posts\/468\/revisions\/469"}],"wp:attachment":[{"href":"https:\/\/www.amovicvv.com\/index.php\/wp-json\/wp\/v2\/media?parent=468"}],"wp:term":[{"taxonomy":"category","embeddable":true,"href":"https:\/\/www.amovicvv.com\/index.php\/wp-json\/wp\/v2\/categories?post=468"},{"taxonomy":"post_tag","embeddable":true,"href":"https:\/\/www.amovicvv.com\/index.php\/wp-json\/wp\/v2\/tags?post=468"}],"curies":[{"name":"wp","href":"https:\/\/api.w.org\/{rel}","templated":true}]}}